{"id":1098,"date":"2015-05-03T18:27:13","date_gmt":"2015-05-03T18:27:13","guid":{"rendered":"https:\/\/petitsferrerets.es\/?p=1098"},"modified":"2015-05-03T18:27:13","modified_gmt":"2015-05-03T18:27:13","slug":"jornada-puertas-abiertas","status":"publish","type":"post","link":"https:\/\/petitsferrerets.es\/ca\/jornada-puertas-abiertas\/","title":{"rendered":"JORNADA PUERTAS ABIERTAS"},"content":{"rendered":"<p>S\u00e1bado 9 de mayo, jornada de puertas abiertas en la Escoleta Petits Ferrerets. Cada hora se realizar\u00e1n visitas guiadas, habr\u00e1 merienda y boti-boti, tambi\u00e9n se podr\u00e1 jugar en el patio.<\/p>\n<p>Os esperamos a partir de las 10:30h donde os explicaremos nuestro proyecto educativo, os ense\u00f1aremos nuestras instalaciones y resolveremos todas vuestras dudas.<\/p>\n<p>Estaremos encantados de conoceros.<\/p>\n<p>Bienvenidos!<\/p>\n<p>&nbsp;<\/p>\n<p><a href=\"https:\/\/petitsferrerets.es\/wp-content\/uploads\/2015\/05\/11156172_892687827441602_3927676998839327785_n1.png\"><img fetchpriority=\"high\" decoding=\"async\" class=\"alignnone size-full wp-image-1106\" src=\"https:\/\/petitsferrerets.es\/wp-content\/uploads\/2015\/05\/11156172_892687827441602_3927676998839327785_n1.png\" alt=\"11156172_892687827441602_3927676998839327785_n\" width=\"429\" height=\"893\" \/><\/a><\/p>\n","protected":false},"excerpt":{"rendered":"<p>S\u00e1bado 9 de mayo, jornada de puertas abiertas en la Escoleta Petits Ferrerets. Cada hora se realizar\u00e1n visitas guiadas, habr\u00e1 merienda y boti-boti, tambi\u00e9n se podr\u00e1 jugar en el patio. Os esperamos a partir de las 10:30h donde os explicaremos nuestro proyecto educativo, os ense\u00f1aremos nuestras instalaciones y resolveremos todas vuestras dudas. Estaremos encantados de [&hellip;]<\/p>\n","protected":false},"author":1,"featured_media":0,"comment_status":"closed","ping_status":"closed","sticky":false,"template":"","format":"standard","meta":{"footnotes":""},"categories":[25],"tags":[18,19,20,21,22,23,24],"class_list":["post-1098","post","type-post","status-publish","format-standard","hentry","category-ultimas-noticias","tag-centro-educacion-infantil-es","tag-escoleta-es","tag-escoleta-autorizada-es","tag-escoleta-mallorca-es","tag-escoleta-marratxi-es","tag-petits-ferrerets-es","tag-puertas-abiertas-escoleta-es"],"_links":{"self":[{"href":"https:\/\/petitsferrerets.es\/ca\/wp-json\/wp\/v2\/posts\/1098","targetHints":{"allow":["GET"]}}],"collection":[{"href":"https:\/\/petitsferrerets.es\/ca\/wp-json\/wp\/v2\/posts"}],"about":[{"href":"https:\/\/petitsferrerets.es\/ca\/wp-json\/wp\/v2\/types\/post"}],"author":[{"embeddable":true,"href":"https:\/\/petitsferrerets.es\/ca\/wp-json\/wp\/v2\/users\/1"}],"replies":[{"embeddable":true,"href":"https:\/\/petitsferrerets.es\/ca\/wp-json\/wp\/v2\/comments?post=1098"}],"version-history":[{"count":0,"href":"https:\/\/petitsferrerets.es\/ca\/wp-json\/wp\/v2\/posts\/1098\/revisions"}],"wp:attachment":[{"href":"https:\/\/petitsferrerets.es\/ca\/wp-json\/wp\/v2\/media?parent=1098"}],"wp:term":[{"taxonomy":"category","embeddable":true,"href":"https:\/\/petitsferrerets.es\/ca\/wp-json\/wp\/v2\/categories?post=1098"},{"taxonomy":"post_tag","embeddable":true,"href":"https:\/\/petitsferrerets.es\/ca\/wp-json\/wp\/v2\/tags?post=1098"}],"curies":[{"name":"wp","href":"https:\/\/api.w.org\/{rel}","templated":true}]}}