{"id":1095,"date":"2015-05-03T18:22:23","date_gmt":"2015-05-03T18:22:23","guid":{"rendered":"https:\/\/petitsferrerets.es\/?p=1095"},"modified":"2015-05-03T18:22:23","modified_gmt":"2015-05-03T18:22:23","slug":"jornada-portes-obertes","status":"publish","type":"post","link":"https:\/\/petitsferrerets.es\/ca\/jornada-portes-obertes\/","title":{"rendered":"JORNADA PORTES OBERTES"},"content":{"rendered":"<p>Dissabte 9 de maig, mat\u00ed de portes obertes a l&#8217;escoleta Petits Ferrerets. Cada hora visites guiades.- Hi haur\u00e0 berenar i boti-boti, tamb\u00e9 podreu jugar al pati.<\/p>\n<p>Vos esperam a partir de les 10:30h i vos explicarem el nostre projecte educatiu, coneixereu les nostres instal.lacions i resoldrem les vostres dubtes.<\/p>\n<p>Estarem encantats de con\u00e8ixer-vos!<\/p>\n<p>Benvinguts!!<\/p>\n<p><a href=\"https:\/\/petitsferrerets.es\/wp-content\/uploads\/2015\/05\/11156172_892687827441602_3927676998839327785_n.png\"><img fetchpriority=\"high\" decoding=\"async\" class=\"alignnone size-full wp-image-1104\" src=\"https:\/\/petitsferrerets.es\/wp-content\/uploads\/2015\/05\/11156172_892687827441602_3927676998839327785_n.png\" alt=\"11156172_892687827441602_3927676998839327785_n\" width=\"429\" height=\"893\" \/><\/a><\/p>\n","protected":false},"excerpt":{"rendered":"<p>Dissabte 9 de maig, mat\u00ed de portes obertes a l&#8217;escoleta Petits Ferrerets. Cada hora visites guiades.- Hi haur\u00e0 berenar i boti-boti, tamb\u00e9 podreu jugar al pati. Vos esperam a partir de les 10:30h i vos explicarem el nostre projecte educatiu, coneixereu les nostres instal.lacions i resoldrem les vostres dubtes. Estarem encantats de con\u00e8ixer-vos! Benvinguts!!<\/p>\n","protected":false},"author":1,"featured_media":0,"comment_status":"closed","ping_status":"closed","sticky":false,"template":"","format":"standard","meta":{"footnotes":""},"categories":[12],"tags":[11,13,14,15,16,17],"class_list":["post-1095","post","type-post","status-publish","format-standard","hentry","category-darreres-noticies","tag-centro-educacion-infantil","tag-escoleta","tag-escoleta-mallorca","tag-escoleta-marratxi","tag-petits-ferrerets","tag-puertas-abiertas-escoleta"],"_links":{"self":[{"href":"https:\/\/petitsferrerets.es\/ca\/wp-json\/wp\/v2\/posts\/1095","targetHints":{"allow":["GET"]}}],"collection":[{"href":"https:\/\/petitsferrerets.es\/ca\/wp-json\/wp\/v2\/posts"}],"about":[{"href":"https:\/\/petitsferrerets.es\/ca\/wp-json\/wp\/v2\/types\/post"}],"author":[{"embeddable":true,"href":"https:\/\/petitsferrerets.es\/ca\/wp-json\/wp\/v2\/users\/1"}],"replies":[{"embeddable":true,"href":"https:\/\/petitsferrerets.es\/ca\/wp-json\/wp\/v2\/comments?post=1095"}],"version-history":[{"count":0,"href":"https:\/\/petitsferrerets.es\/ca\/wp-json\/wp\/v2\/posts\/1095\/revisions"}],"wp:attachment":[{"href":"https:\/\/petitsferrerets.es\/ca\/wp-json\/wp\/v2\/media?parent=1095"}],"wp:term":[{"taxonomy":"category","embeddable":true,"href":"https:\/\/petitsferrerets.es\/ca\/wp-json\/wp\/v2\/categories?post=1095"},{"taxonomy":"post_tag","embeddable":true,"href":"https:\/\/petitsferrerets.es\/ca\/wp-json\/wp\/v2\/tags?post=1095"}],"curies":[{"name":"wp","href":"https:\/\/api.w.org\/{rel}","templated":true}]}}